{"id":5870,"date":"2013-07-22T20:12:37","date_gmt":"2013-07-22T20:12:37","guid":{"rendered":"http:\/\/www.alpine-comfort.ch\/happy-birthday-switzerland-2\/"},"modified":"2017-06-05T19:32:31","modified_gmt":"2017-06-05T19:32:31","slug":"happy-birthday-switzerland","status":"publish","type":"post","link":"https:\/\/alpine-comfort.com\/fr\/happy-birthday-switzerland\/","title":{"rendered":"Joyeux anniversaire la Suisse"},"content":{"rendered":"<p>1er ao\u00fbt la f\u00eate nationale suisse<br \/>\n1291, the founding of the confederation<br \/>\nSince 1891, Switzerland has celebrated August 1st as its national holiday. The date refers to when cantons Uri, Schwyz and Unterwalden decided to join forces, setting the foundation for what would eventually become today&rsquo;s Switzerland.<br \/>\nOne of the most beautiful country!<br \/>\nSo why not book a room at chalet Cygnet and let us take you to the festival.<br \/>\n<a href=\"http:\/\/www.alpine-comfort.ch\/wp-content\/uploads\/2013\/07\/alphorn-fest.jpg\"><img decoding=\"async\" class=\"alignnone size-full wp-image-5867\" src=\"http:\/\/www.alpine-comfort.ch\/wp-content\/uploads\/2013\/07\/alphorn-fest.jpg\" alt=\"Alphorne festival nendaz\" width=\"960\" height=\"375\" srcset=\"https:\/\/alpine-comfort.com\/wp-content\/uploads\/2013\/07\/alphorn-fest-300x117.jpg 300w, https:\/\/alpine-comfort.com\/wp-content\/uploads\/2013\/07\/alphorn-fest.jpg 960w\" sizes=\"(max-width: 960px) 100vw, 960px\" \/><\/a><\/p>\n","protected":false},"excerpt":{"rendered":"<p>1er ao\u00fbt la f\u00eate nationale suisse 1291, the founding of the confederation Since 1891, Switzerland has celebrated August 1st as its national holiday. The date refers to when cantons Uri, Schwyz and Unterwalden decided to join forces, setting the foundation for what would eventually become today&rsquo;s Switzerland. One of the most beautiful country! So why not book a room at chalet Cygnet and let us take you to the festival.<\/p>\n","protected":false},"author":2,"featured_media":0,"comment_status":"open","ping_status":"open","sticky":false,"template":"","format":"standard","meta":{"footnotes":""},"categories":[51],"tags":[],"class_list":["post-5870","post","type-post","status-publish","format-standard","hentry","category-non-classifiee"],"yoast_head":"<!-- This site is optimized with the Yoast SEO plugin v27.3 - https:\/\/yoast.com\/product\/yoast-seo-wordpress\/ -->\n<title>Chalet location pour le 1er ao\u00fbt, f\u00eate nationale suisse \u00e0 Nendaz<\/title>\n<meta name=\"description\" content=\"R\u00e9servez votre Chalet de luxe \u00e0 Haute Nendaz, 4 Vall\u00e9es, pour 1er ao\u00fbt la f\u00eate nationale suisse. Avec Jacuzzi et situation tranquille et magnifique\" \/>\n<meta name=\"robots\" content=\"index, follow, max-snippet:-1, max-image-preview:large, max-video-preview:-1\" \/>\n<link rel=\"canonical\" href=\"https:\/\/alpine-comfort.com\/fr\/happy-birthday-switzerland\/\" \/>\n<meta property=\"og:locale\" content=\"fr_FR\" \/>\n<meta property=\"og:type\" content=\"article\" \/>\n<meta property=\"og:title\" content=\"Chalet location pour le 1er ao\u00fbt, f\u00eate nationale suisse \u00e0 Nendaz\" \/>\n<meta property=\"og:description\" content=\"R\u00e9servez votre Chalet de luxe \u00e0 Haute Nendaz, 4 Vall\u00e9es, pour 1er ao\u00fbt la f\u00eate nationale suisse. Avec Jacuzzi et situation tranquille et magnifique\" \/>\n<meta property=\"og:url\" content=\"https:\/\/alpine-comfort.com\/fr\/happy-birthday-switzerland\/\" \/>\n<meta property=\"og:site_name\" content=\"Alpine Comfort\" \/>\n<meta property=\"article:published_time\" content=\"2013-07-22T20:12:37+00:00\" \/>\n<meta property=\"article:modified_time\" content=\"2017-06-05T19:32:31+00:00\" \/>\n<meta property=\"og:image\" content=\"https:\/\/alpine-comfort.com\/wp-content\/uploads\/2013\/07\/alphorn-fest.jpg\" \/>\n\t<meta property=\"og:image:width\" content=\"960\" \/>\n\t<meta property=\"og:image:height\" content=\"375\" \/>\n\t<meta property=\"og:image:type\" content=\"image\/jpeg\" \/>\n<meta name=\"author\" content=\"Alpine Comfort\" \/>\n<meta name=\"twitter:label1\" content=\"\u00c9crit par\" \/>\n\t<meta name=\"twitter:data1\" content=\"Alpine Comfort\" \/>\n<script type=\"application\/ld+json\" class=\"yoast-schema-graph\">{\"@context\":\"https:\\\/\\\/schema.org\",\"@graph\":[{\"@type\":\"Article\",\"@id\":\"https:\\\/\\\/alpine-comfort.com\\\/fr\\\/happy-birthday-switzerland\\\/#article\",\"isPartOf\":{\"@id\":\"https:\\\/\\\/alpine-comfort.com\\\/fr\\\/happy-birthday-switzerland\\\/\"},\"author\":{\"name\":\"Alpine Comfort\",\"@id\":\"https:\\\/\\\/alpine-comfort.com\\\/#\\\/schema\\\/person\\\/41abf7ff6fe14404e1615000f461839a\"},\"headline\":\"Joyeux anniversaire la Suisse\",\"datePublished\":\"2013-07-22T20:12:37+00:00\",\"dateModified\":\"2017-06-05T19:32:31+00:00\",\"mainEntityOfPage\":{\"@id\":\"https:\\\/\\\/alpine-comfort.com\\\/fr\\\/happy-birthday-switzerland\\\/\"},\"wordCount\":75,\"commentCount\":0,\"image\":{\"@id\":\"https:\\\/\\\/alpine-comfort.com\\\/fr\\\/happy-birthday-switzerland\\\/#primaryimage\"},\"thumbnailUrl\":\"http:\\\/\\\/www.alpine-comfort.ch\\\/wp-content\\\/uploads\\\/2013\\\/07\\\/alphorn-fest.jpg\",\"articleSection\":[\"Non classifi\u00e9(e)\"],\"inLanguage\":\"fr-FR\",\"potentialAction\":[{\"@type\":\"CommentAction\",\"name\":\"Comment\",\"target\":[\"https:\\\/\\\/alpine-comfort.com\\\/fr\\\/happy-birthday-switzerland\\\/#respond\"]}]},{\"@type\":\"WebPage\",\"@id\":\"https:\\\/\\\/alpine-comfort.com\\\/fr\\\/happy-birthday-switzerland\\\/\",\"url\":\"https:\\\/\\\/alpine-comfort.com\\\/fr\\\/happy-birthday-switzerland\\\/\",\"name\":\"Chalet location pour le 1er ao\u00fbt, f\u00eate nationale suisse \u00e0 Nendaz\",\"isPartOf\":{\"@id\":\"https:\\\/\\\/alpine-comfort.com\\\/#website\"},\"primaryImageOfPage\":{\"@id\":\"https:\\\/\\\/alpine-comfort.com\\\/fr\\\/happy-birthday-switzerland\\\/#primaryimage\"},\"image\":{\"@id\":\"https:\\\/\\\/alpine-comfort.com\\\/fr\\\/happy-birthday-switzerland\\\/#primaryimage\"},\"thumbnailUrl\":\"http:\\\/\\\/www.alpine-comfort.ch\\\/wp-content\\\/uploads\\\/2013\\\/07\\\/alphorn-fest.jpg\",\"datePublished\":\"2013-07-22T20:12:37+00:00\",\"dateModified\":\"2017-06-05T19:32:31+00:00\",\"author\":{\"@id\":\"https:\\\/\\\/alpine-comfort.com\\\/#\\\/schema\\\/person\\\/41abf7ff6fe14404e1615000f461839a\"},\"description\":\"R\u00e9servez votre Chalet de luxe \u00e0 Haute Nendaz, 4 Vall\u00e9es, pour 1er ao\u00fbt la f\u00eate nationale suisse. Avec Jacuzzi et situation tranquille et magnifique\",\"inLanguage\":\"fr-FR\",\"potentialAction\":[{\"@type\":\"ReadAction\",\"target\":[\"https:\\\/\\\/alpine-comfort.com\\\/fr\\\/happy-birthday-switzerland\\\/\"]}]},{\"@type\":\"ImageObject\",\"inLanguage\":\"fr-FR\",\"@id\":\"https:\\\/\\\/alpine-comfort.com\\\/fr\\\/happy-birthday-switzerland\\\/#primaryimage\",\"url\":\"http:\\\/\\\/www.alpine-comfort.ch\\\/wp-content\\\/uploads\\\/2013\\\/07\\\/alphorn-fest.jpg\",\"contentUrl\":\"http:\\\/\\\/www.alpine-comfort.ch\\\/wp-content\\\/uploads\\\/2013\\\/07\\\/alphorn-fest.jpg\"},{\"@type\":\"WebSite\",\"@id\":\"https:\\\/\\\/alpine-comfort.com\\\/#website\",\"url\":\"https:\\\/\\\/alpine-comfort.com\\\/\",\"name\":\"Alpine Comfort\",\"description\":\"Pure Luxury Mountain Accommodation\",\"potentialAction\":[{\"@type\":\"SearchAction\",\"target\":{\"@type\":\"EntryPoint\",\"urlTemplate\":\"https:\\\/\\\/alpine-comfort.com\\\/?s={search_term_string}\"},\"query-input\":{\"@type\":\"PropertyValueSpecification\",\"valueRequired\":true,\"valueName\":\"search_term_string\"}}],\"inLanguage\":\"fr-FR\"},{\"@type\":\"Person\",\"@id\":\"https:\\\/\\\/alpine-comfort.com\\\/#\\\/schema\\\/person\\\/41abf7ff6fe14404e1615000f461839a\",\"name\":\"Alpine Comfort\",\"image\":{\"@type\":\"ImageObject\",\"inLanguage\":\"fr-FR\",\"@id\":\"https:\\\/\\\/secure.gravatar.com\\\/avatar\\\/c8e161aa9a685a2828e2f8a0a6f76260e0f7a3e702a6a0965673379d9065e447?s=96&d=mm&r=g\",\"url\":\"https:\\\/\\\/secure.gravatar.com\\\/avatar\\\/c8e161aa9a685a2828e2f8a0a6f76260e0f7a3e702a6a0965673379d9065e447?s=96&d=mm&r=g\",\"contentUrl\":\"https:\\\/\\\/secure.gravatar.com\\\/avatar\\\/c8e161aa9a685a2828e2f8a0a6f76260e0f7a3e702a6a0965673379d9065e447?s=96&d=mm&r=g\",\"caption\":\"Alpine Comfort\"},\"sameAs\":[\"http:\\\/\\\/www.alpine-comfort.ch\"]}]}<\/script>\n<!-- \/ Yoast SEO plugin. -->","yoast_head_json":{"title":"Chalet location pour le 1er ao\u00fbt, f\u00eate nationale suisse \u00e0 Nendaz","description":"R\u00e9servez votre Chalet de luxe \u00e0 Haute Nendaz, 4 Vall\u00e9es, pour 1er ao\u00fbt la f\u00eate nationale suisse. Avec Jacuzzi et situation tranquille et magnifique","robots":{"index":"index","follow":"follow","max-snippet":"max-snippet:-1","max-image-preview":"max-image-preview:large","max-video-preview":"max-video-preview:-1"},"canonical":"https:\/\/alpine-comfort.com\/fr\/happy-birthday-switzerland\/","og_locale":"fr_FR","og_type":"article","og_title":"Chalet location pour le 1er ao\u00fbt, f\u00eate nationale suisse \u00e0 Nendaz","og_description":"R\u00e9servez votre Chalet de luxe \u00e0 Haute Nendaz, 4 Vall\u00e9es, pour 1er ao\u00fbt la f\u00eate nationale suisse. Avec Jacuzzi et situation tranquille et magnifique","og_url":"https:\/\/alpine-comfort.com\/fr\/happy-birthday-switzerland\/","og_site_name":"Alpine Comfort","article_published_time":"2013-07-22T20:12:37+00:00","article_modified_time":"2017-06-05T19:32:31+00:00","og_image":[{"width":960,"height":375,"url":"https:\/\/alpine-comfort.com\/wp-content\/uploads\/2013\/07\/alphorn-fest.jpg","type":"image\/jpeg"}],"author":"Alpine Comfort","twitter_misc":{"\u00c9crit par":"Alpine Comfort"},"schema":{"@context":"https:\/\/schema.org","@graph":[{"@type":"Article","@id":"https:\/\/alpine-comfort.com\/fr\/happy-birthday-switzerland\/#article","isPartOf":{"@id":"https:\/\/alpine-comfort.com\/fr\/happy-birthday-switzerland\/"},"author":{"name":"Alpine Comfort","@id":"https:\/\/alpine-comfort.com\/#\/schema\/person\/41abf7ff6fe14404e1615000f461839a"},"headline":"Joyeux anniversaire la Suisse","datePublished":"2013-07-22T20:12:37+00:00","dateModified":"2017-06-05T19:32:31+00:00","mainEntityOfPage":{"@id":"https:\/\/alpine-comfort.com\/fr\/happy-birthday-switzerland\/"},"wordCount":75,"commentCount":0,"image":{"@id":"https:\/\/alpine-comfort.com\/fr\/happy-birthday-switzerland\/#primaryimage"},"thumbnailUrl":"http:\/\/www.alpine-comfort.ch\/wp-content\/uploads\/2013\/07\/alphorn-fest.jpg","articleSection":["Non classifi\u00e9(e)"],"inLanguage":"fr-FR","potentialAction":[{"@type":"CommentAction","name":"Comment","target":["https:\/\/alpine-comfort.com\/fr\/happy-birthday-switzerland\/#respond"]}]},{"@type":"WebPage","@id":"https:\/\/alpine-comfort.com\/fr\/happy-birthday-switzerland\/","url":"https:\/\/alpine-comfort.com\/fr\/happy-birthday-switzerland\/","name":"Chalet location pour le 1er ao\u00fbt, f\u00eate nationale suisse \u00e0 Nendaz","isPartOf":{"@id":"https:\/\/alpine-comfort.com\/#website"},"primaryImageOfPage":{"@id":"https:\/\/alpine-comfort.com\/fr\/happy-birthday-switzerland\/#primaryimage"},"image":{"@id":"https:\/\/alpine-comfort.com\/fr\/happy-birthday-switzerland\/#primaryimage"},"thumbnailUrl":"http:\/\/www.alpine-comfort.ch\/wp-content\/uploads\/2013\/07\/alphorn-fest.jpg","datePublished":"2013-07-22T20:12:37+00:00","dateModified":"2017-06-05T19:32:31+00:00","author":{"@id":"https:\/\/alpine-comfort.com\/#\/schema\/person\/41abf7ff6fe14404e1615000f461839a"},"description":"R\u00e9servez votre Chalet de luxe \u00e0 Haute Nendaz, 4 Vall\u00e9es, pour 1er ao\u00fbt la f\u00eate nationale suisse. Avec Jacuzzi et situation tranquille et magnifique","inLanguage":"fr-FR","potentialAction":[{"@type":"ReadAction","target":["https:\/\/alpine-comfort.com\/fr\/happy-birthday-switzerland\/"]}]},{"@type":"ImageObject","inLanguage":"fr-FR","@id":"https:\/\/alpine-comfort.com\/fr\/happy-birthday-switzerland\/#primaryimage","url":"http:\/\/www.alpine-comfort.ch\/wp-content\/uploads\/2013\/07\/alphorn-fest.jpg","contentUrl":"http:\/\/www.alpine-comfort.ch\/wp-content\/uploads\/2013\/07\/alphorn-fest.jpg"},{"@type":"WebSite","@id":"https:\/\/alpine-comfort.com\/#website","url":"https:\/\/alpine-comfort.com\/","name":"Alpine Comfort","description":"Pure Luxury Mountain Accommodation","potentialAction":[{"@type":"SearchAction","target":{"@type":"EntryPoint","urlTemplate":"https:\/\/alpine-comfort.com\/?s={search_term_string}"},"query-input":{"@type":"PropertyValueSpecification","valueRequired":true,"valueName":"search_term_string"}}],"inLanguage":"fr-FR"},{"@type":"Person","@id":"https:\/\/alpine-comfort.com\/#\/schema\/person\/41abf7ff6fe14404e1615000f461839a","name":"Alpine Comfort","image":{"@type":"ImageObject","inLanguage":"fr-FR","@id":"https:\/\/secure.gravatar.com\/avatar\/c8e161aa9a685a2828e2f8a0a6f76260e0f7a3e702a6a0965673379d9065e447?s=96&d=mm&r=g","url":"https:\/\/secure.gravatar.com\/avatar\/c8e161aa9a685a2828e2f8a0a6f76260e0f7a3e702a6a0965673379d9065e447?s=96&d=mm&r=g","contentUrl":"https:\/\/secure.gravatar.com\/avatar\/c8e161aa9a685a2828e2f8a0a6f76260e0f7a3e702a6a0965673379d9065e447?s=96&d=mm&r=g","caption":"Alpine Comfort"},"sameAs":["http:\/\/www.alpine-comfort.ch"]}]}},"_links":{"self":[{"href":"https:\/\/alpine-comfort.com\/fr\/wp-json\/wp\/v2\/posts\/5870","targetHints":{"allow":["GET"]}}],"collection":[{"href":"https:\/\/alpine-comfort.com\/fr\/wp-json\/wp\/v2\/posts"}],"about":[{"href":"https:\/\/alpine-comfort.com\/fr\/wp-json\/wp\/v2\/types\/post"}],"author":[{"embeddable":true,"href":"https:\/\/alpine-comfort.com\/fr\/wp-json\/wp\/v2\/users\/2"}],"replies":[{"embeddable":true,"href":"https:\/\/alpine-comfort.com\/fr\/wp-json\/wp\/v2\/comments?post=5870"}],"version-history":[{"count":6,"href":"https:\/\/alpine-comfort.com\/fr\/wp-json\/wp\/v2\/posts\/5870\/revisions"}],"predecessor-version":[{"id":11999,"href":"https:\/\/alpine-comfort.com\/fr\/wp-json\/wp\/v2\/posts\/5870\/revisions\/11999"}],"wp:attachment":[{"href":"https:\/\/alpine-comfort.com\/fr\/wp-json\/wp\/v2\/media?parent=5870"}],"wp:term":[{"taxonomy":"category","embeddable":true,"href":"https:\/\/alpine-comfort.com\/fr\/wp-json\/wp\/v2\/categories?post=5870"},{"taxonomy":"post_tag","embeddable":true,"href":"https:\/\/alpine-comfort.com\/fr\/wp-json\/wp\/v2\/tags?post=5870"}],"curies":[{"name":"wp","href":"https:\/\/api.w.org\/{rel}","templated":true}]}}