{"id":5881,"date":"2013-06-19T07:51:53","date_gmt":"2013-06-19T07:51:53","guid":{"rendered":"http:\/\/www.alpine-comfort.ch\/summer-events-in-nendaz-2\/"},"modified":"2017-06-19T20:17:11","modified_gmt":"2017-06-19T20:17:11","slug":"summer-events-in-nendaz","status":"publish","type":"post","link":"https:\/\/alpine-comfort.com\/fr\/summer-events-in-nendaz\/","title":{"rendered":"\u00c9v\u00e9nements d&rsquo;\u00e9t\u00e9 \u00e0 Nendaz"},"content":{"rendered":"<p>Ne manquez pas les \u00e9v\u00e9nements d&rsquo;\u00e9t\u00e9 \u00e0 Nendaz.<\/p>\n<p><strong>29.06.2013<\/strong><br \/>\nInAlps Tortin , Rising of the cows to the alps for the summer with party and traditional D\u2019H\u00e9ren combat.<\/p>\n<p><strong>26.-28.07.2013<\/strong><br \/>\nInternational Alphorn fest<br \/>\nA true festival devoted to tradition and folklore&#8230;<\/p>\n<p><strong>01.08.2013<\/strong><br \/>\nSwiss National day<\/p>\n<p>Accommodation at Chalet Cygnet available<\/p>\n","protected":false},"excerpt":{"rendered":"<p>Ne manquez pas les \u00e9v\u00e9nements d&rsquo;\u00e9t\u00e9 \u00e0 Nendaz. 29.06.2013 InAlps Tortin , Rising of the cows to the alps for the summer with party and traditional D\u2019H\u00e9ren combat. 26.-28.07.2013 International Alphorn fest A true festival devoted to tradition and folklore&#8230; 01.08.2013 Swiss National day Accommodation at Chalet Cygnet available<\/p>\n","protected":false},"author":2,"featured_media":10494,"comment_status":"open","ping_status":"open","sticky":false,"template":"","format":"standard","meta":{"footnotes":""},"categories":[78],"tags":[],"class_list":["post-5881","post","type-post","status-publish","format-standard","has-post-thumbnail","hentry","category-news-fr"],"yoast_head":"<!-- This site is optimized with the Yoast SEO plugin v27.3 - https:\/\/yoast.com\/product\/yoast-seo-wordpress\/ -->\n<title>\u00c9v\u00e9nements d&#039;\u00e9t\u00e9 \u00e0 Nendaz - Alpine Comfort<\/title>\n<meta name=\"description\" content=\"Events in Nendaz during this summer\" \/>\n<meta name=\"robots\" content=\"index, follow, max-snippet:-1, max-image-preview:large, max-video-preview:-1\" \/>\n<link rel=\"canonical\" href=\"https:\/\/alpine-comfort.com\/fr\/summer-events-in-nendaz\/\" \/>\n<meta property=\"og:locale\" content=\"fr_FR\" \/>\n<meta property=\"og:type\" content=\"article\" \/>\n<meta property=\"og:title\" content=\"\u00c9v\u00e9nements d&#039;\u00e9t\u00e9 \u00e0 Nendaz - Alpine Comfort\" \/>\n<meta property=\"og:description\" content=\"Events in Nendaz during this summer\" \/>\n<meta property=\"og:url\" content=\"https:\/\/alpine-comfort.com\/fr\/summer-events-in-nendaz\/\" \/>\n<meta property=\"og:site_name\" content=\"Alpine Comfort\" \/>\n<meta property=\"article:published_time\" content=\"2013-06-19T07:51:53+00:00\" \/>\n<meta property=\"article:modified_time\" content=\"2017-06-19T20:17:11+00:00\" \/>\n<meta property=\"og:image\" content=\"https:\/\/alpine-comfort.com\/wp-content\/uploads\/2013\/06\/festinalpe2013.jpg\" \/>\n\t<meta property=\"og:image:width\" content=\"960\" \/>\n\t<meta property=\"og:image:height\" content=\"350\" \/>\n\t<meta property=\"og:image:type\" content=\"image\/jpeg\" \/>\n<meta name=\"author\" content=\"Alpine Comfort\" \/>\n<meta name=\"twitter:label1\" content=\"\u00c9crit par\" \/>\n\t<meta name=\"twitter:data1\" content=\"Alpine Comfort\" \/>\n<script type=\"application\/ld+json\" class=\"yoast-schema-graph\">{\"@context\":\"https:\\\/\\\/schema.org\",\"@graph\":[{\"@type\":\"Article\",\"@id\":\"https:\\\/\\\/alpine-comfort.com\\\/fr\\\/summer-events-in-nendaz\\\/#article\",\"isPartOf\":{\"@id\":\"https:\\\/\\\/alpine-comfort.com\\\/fr\\\/summer-events-in-nendaz\\\/\"},\"author\":{\"name\":\"Alpine Comfort\",\"@id\":\"https:\\\/\\\/alpine-comfort.com\\\/#\\\/schema\\\/person\\\/41abf7ff6fe14404e1615000f461839a\"},\"headline\":\"\u00c9v\u00e9nements d&rsquo;\u00e9t\u00e9 \u00e0 Nendaz\",\"datePublished\":\"2013-06-19T07:51:53+00:00\",\"dateModified\":\"2017-06-19T20:17:11+00:00\",\"mainEntityOfPage\":{\"@id\":\"https:\\\/\\\/alpine-comfort.com\\\/fr\\\/summer-events-in-nendaz\\\/\"},\"wordCount\":54,\"commentCount\":0,\"image\":{\"@id\":\"https:\\\/\\\/alpine-comfort.com\\\/fr\\\/summer-events-in-nendaz\\\/#primaryimage\"},\"thumbnailUrl\":\"https:\\\/\\\/alpine-comfort.com\\\/wp-content\\\/uploads\\\/2013\\\/06\\\/festinalpe2013.jpg\",\"articleSection\":[\"News\"],\"inLanguage\":\"fr-FR\",\"potentialAction\":[{\"@type\":\"CommentAction\",\"name\":\"Comment\",\"target\":[\"https:\\\/\\\/alpine-comfort.com\\\/fr\\\/summer-events-in-nendaz\\\/#respond\"]}]},{\"@type\":\"WebPage\",\"@id\":\"https:\\\/\\\/alpine-comfort.com\\\/fr\\\/summer-events-in-nendaz\\\/\",\"url\":\"https:\\\/\\\/alpine-comfort.com\\\/fr\\\/summer-events-in-nendaz\\\/\",\"name\":\"\u00c9v\u00e9nements d'\u00e9t\u00e9 \u00e0 Nendaz - Alpine Comfort\",\"isPartOf\":{\"@id\":\"https:\\\/\\\/alpine-comfort.com\\\/#website\"},\"primaryImageOfPage\":{\"@id\":\"https:\\\/\\\/alpine-comfort.com\\\/fr\\\/summer-events-in-nendaz\\\/#primaryimage\"},\"image\":{\"@id\":\"https:\\\/\\\/alpine-comfort.com\\\/fr\\\/summer-events-in-nendaz\\\/#primaryimage\"},\"thumbnailUrl\":\"https:\\\/\\\/alpine-comfort.com\\\/wp-content\\\/uploads\\\/2013\\\/06\\\/festinalpe2013.jpg\",\"datePublished\":\"2013-06-19T07:51:53+00:00\",\"dateModified\":\"2017-06-19T20:17:11+00:00\",\"author\":{\"@id\":\"https:\\\/\\\/alpine-comfort.com\\\/#\\\/schema\\\/person\\\/41abf7ff6fe14404e1615000f461839a\"},\"description\":\"Events in Nendaz during this summer\",\"inLanguage\":\"fr-FR\",\"potentialAction\":[{\"@type\":\"ReadAction\",\"target\":[\"https:\\\/\\\/alpine-comfort.com\\\/fr\\\/summer-events-in-nendaz\\\/\"]}]},{\"@type\":\"ImageObject\",\"inLanguage\":\"fr-FR\",\"@id\":\"https:\\\/\\\/alpine-comfort.com\\\/fr\\\/summer-events-in-nendaz\\\/#primaryimage\",\"url\":\"https:\\\/\\\/alpine-comfort.com\\\/wp-content\\\/uploads\\\/2013\\\/06\\\/festinalpe2013.jpg\",\"contentUrl\":\"https:\\\/\\\/alpine-comfort.com\\\/wp-content\\\/uploads\\\/2013\\\/06\\\/festinalpe2013.jpg\",\"width\":960,\"height\":350},{\"@type\":\"WebSite\",\"@id\":\"https:\\\/\\\/alpine-comfort.com\\\/#website\",\"url\":\"https:\\\/\\\/alpine-comfort.com\\\/\",\"name\":\"Alpine Comfort\",\"description\":\"Pure Luxury Mountain Accommodation\",\"potentialAction\":[{\"@type\":\"SearchAction\",\"target\":{\"@type\":\"EntryPoint\",\"urlTemplate\":\"https:\\\/\\\/alpine-comfort.com\\\/?s={search_term_string}\"},\"query-input\":{\"@type\":\"PropertyValueSpecification\",\"valueRequired\":true,\"valueName\":\"search_term_string\"}}],\"inLanguage\":\"fr-FR\"},{\"@type\":\"Person\",\"@id\":\"https:\\\/\\\/alpine-comfort.com\\\/#\\\/schema\\\/person\\\/41abf7ff6fe14404e1615000f461839a\",\"name\":\"Alpine Comfort\",\"image\":{\"@type\":\"ImageObject\",\"inLanguage\":\"fr-FR\",\"@id\":\"https:\\\/\\\/secure.gravatar.com\\\/avatar\\\/c8e161aa9a685a2828e2f8a0a6f76260e0f7a3e702a6a0965673379d9065e447?s=96&d=mm&r=g\",\"url\":\"https:\\\/\\\/secure.gravatar.com\\\/avatar\\\/c8e161aa9a685a2828e2f8a0a6f76260e0f7a3e702a6a0965673379d9065e447?s=96&d=mm&r=g\",\"contentUrl\":\"https:\\\/\\\/secure.gravatar.com\\\/avatar\\\/c8e161aa9a685a2828e2f8a0a6f76260e0f7a3e702a6a0965673379d9065e447?s=96&d=mm&r=g\",\"caption\":\"Alpine Comfort\"},\"sameAs\":[\"http:\\\/\\\/www.alpine-comfort.ch\"]}]}<\/script>\n<!-- \/ Yoast SEO plugin. -->","yoast_head_json":{"title":"\u00c9v\u00e9nements d'\u00e9t\u00e9 \u00e0 Nendaz - Alpine Comfort","description":"Events in Nendaz during this summer","robots":{"index":"index","follow":"follow","max-snippet":"max-snippet:-1","max-image-preview":"max-image-preview:large","max-video-preview":"max-video-preview:-1"},"canonical":"https:\/\/alpine-comfort.com\/fr\/summer-events-in-nendaz\/","og_locale":"fr_FR","og_type":"article","og_title":"\u00c9v\u00e9nements d'\u00e9t\u00e9 \u00e0 Nendaz - Alpine Comfort","og_description":"Events in Nendaz during this summer","og_url":"https:\/\/alpine-comfort.com\/fr\/summer-events-in-nendaz\/","og_site_name":"Alpine Comfort","article_published_time":"2013-06-19T07:51:53+00:00","article_modified_time":"2017-06-19T20:17:11+00:00","og_image":[{"width":960,"height":350,"url":"https:\/\/alpine-comfort.com\/wp-content\/uploads\/2013\/06\/festinalpe2013.jpg","type":"image\/jpeg"}],"author":"Alpine Comfort","twitter_misc":{"\u00c9crit par":"Alpine Comfort"},"schema":{"@context":"https:\/\/schema.org","@graph":[{"@type":"Article","@id":"https:\/\/alpine-comfort.com\/fr\/summer-events-in-nendaz\/#article","isPartOf":{"@id":"https:\/\/alpine-comfort.com\/fr\/summer-events-in-nendaz\/"},"author":{"name":"Alpine Comfort","@id":"https:\/\/alpine-comfort.com\/#\/schema\/person\/41abf7ff6fe14404e1615000f461839a"},"headline":"\u00c9v\u00e9nements d&rsquo;\u00e9t\u00e9 \u00e0 Nendaz","datePublished":"2013-06-19T07:51:53+00:00","dateModified":"2017-06-19T20:17:11+00:00","mainEntityOfPage":{"@id":"https:\/\/alpine-comfort.com\/fr\/summer-events-in-nendaz\/"},"wordCount":54,"commentCount":0,"image":{"@id":"https:\/\/alpine-comfort.com\/fr\/summer-events-in-nendaz\/#primaryimage"},"thumbnailUrl":"https:\/\/alpine-comfort.com\/wp-content\/uploads\/2013\/06\/festinalpe2013.jpg","articleSection":["News"],"inLanguage":"fr-FR","potentialAction":[{"@type":"CommentAction","name":"Comment","target":["https:\/\/alpine-comfort.com\/fr\/summer-events-in-nendaz\/#respond"]}]},{"@type":"WebPage","@id":"https:\/\/alpine-comfort.com\/fr\/summer-events-in-nendaz\/","url":"https:\/\/alpine-comfort.com\/fr\/summer-events-in-nendaz\/","name":"\u00c9v\u00e9nements d'\u00e9t\u00e9 \u00e0 Nendaz - Alpine Comfort","isPartOf":{"@id":"https:\/\/alpine-comfort.com\/#website"},"primaryImageOfPage":{"@id":"https:\/\/alpine-comfort.com\/fr\/summer-events-in-nendaz\/#primaryimage"},"image":{"@id":"https:\/\/alpine-comfort.com\/fr\/summer-events-in-nendaz\/#primaryimage"},"thumbnailUrl":"https:\/\/alpine-comfort.com\/wp-content\/uploads\/2013\/06\/festinalpe2013.jpg","datePublished":"2013-06-19T07:51:53+00:00","dateModified":"2017-06-19T20:17:11+00:00","author":{"@id":"https:\/\/alpine-comfort.com\/#\/schema\/person\/41abf7ff6fe14404e1615000f461839a"},"description":"Events in Nendaz during this summer","inLanguage":"fr-FR","potentialAction":[{"@type":"ReadAction","target":["https:\/\/alpine-comfort.com\/fr\/summer-events-in-nendaz\/"]}]},{"@type":"ImageObject","inLanguage":"fr-FR","@id":"https:\/\/alpine-comfort.com\/fr\/summer-events-in-nendaz\/#primaryimage","url":"https:\/\/alpine-comfort.com\/wp-content\/uploads\/2013\/06\/festinalpe2013.jpg","contentUrl":"https:\/\/alpine-comfort.com\/wp-content\/uploads\/2013\/06\/festinalpe2013.jpg","width":960,"height":350},{"@type":"WebSite","@id":"https:\/\/alpine-comfort.com\/#website","url":"https:\/\/alpine-comfort.com\/","name":"Alpine Comfort","description":"Pure Luxury Mountain Accommodation","potentialAction":[{"@type":"SearchAction","target":{"@type":"EntryPoint","urlTemplate":"https:\/\/alpine-comfort.com\/?s={search_term_string}"},"query-input":{"@type":"PropertyValueSpecification","valueRequired":true,"valueName":"search_term_string"}}],"inLanguage":"fr-FR"},{"@type":"Person","@id":"https:\/\/alpine-comfort.com\/#\/schema\/person\/41abf7ff6fe14404e1615000f461839a","name":"Alpine Comfort","image":{"@type":"ImageObject","inLanguage":"fr-FR","@id":"https:\/\/secure.gravatar.com\/avatar\/c8e161aa9a685a2828e2f8a0a6f76260e0f7a3e702a6a0965673379d9065e447?s=96&d=mm&r=g","url":"https:\/\/secure.gravatar.com\/avatar\/c8e161aa9a685a2828e2f8a0a6f76260e0f7a3e702a6a0965673379d9065e447?s=96&d=mm&r=g","contentUrl":"https:\/\/secure.gravatar.com\/avatar\/c8e161aa9a685a2828e2f8a0a6f76260e0f7a3e702a6a0965673379d9065e447?s=96&d=mm&r=g","caption":"Alpine Comfort"},"sameAs":["http:\/\/www.alpine-comfort.ch"]}]}},"_links":{"self":[{"href":"https:\/\/alpine-comfort.com\/fr\/wp-json\/wp\/v2\/posts\/5881","targetHints":{"allow":["GET"]}}],"collection":[{"href":"https:\/\/alpine-comfort.com\/fr\/wp-json\/wp\/v2\/posts"}],"about":[{"href":"https:\/\/alpine-comfort.com\/fr\/wp-json\/wp\/v2\/types\/post"}],"author":[{"embeddable":true,"href":"https:\/\/alpine-comfort.com\/fr\/wp-json\/wp\/v2\/users\/2"}],"replies":[{"embeddable":true,"href":"https:\/\/alpine-comfort.com\/fr\/wp-json\/wp\/v2\/comments?post=5881"}],"version-history":[{"count":4,"href":"https:\/\/alpine-comfort.com\/fr\/wp-json\/wp\/v2\/posts\/5881\/revisions"}],"predecessor-version":[{"id":12036,"href":"https:\/\/alpine-comfort.com\/fr\/wp-json\/wp\/v2\/posts\/5881\/revisions\/12036"}],"wp:featuredmedia":[{"embeddable":true,"href":"https:\/\/alpine-comfort.com\/fr\/wp-json\/wp\/v2\/media\/10494"}],"wp:attachment":[{"href":"https:\/\/alpine-comfort.com\/fr\/wp-json\/wp\/v2\/media?parent=5881"}],"wp:term":[{"taxonomy":"category","embeddable":true,"href":"https:\/\/alpine-comfort.com\/fr\/wp-json\/wp\/v2\/categories?post=5881"},{"taxonomy":"post_tag","embeddable":true,"href":"https:\/\/alpine-comfort.com\/fr\/wp-json\/wp\/v2\/tags?post=5881"}],"curies":[{"name":"wp","href":"https:\/\/api.w.org\/{rel}","templated":true}]}}